{"id":392,"date":"2026-04-29T14:59:03","date_gmt":"2026-04-29T12:59:03","guid":{"rendered":"https:\/\/www.diepartner.at\/cms\/de\/?p=392"},"modified":"2026-04-29T15:22:10","modified_gmt":"2026-04-29T13:22:10","slug":"alle-bestanden-weiterbildungslehrgang-praxisanleitung-2026-lg-5","status":"publish","type":"post","link":"https:\/\/www.diepartner.at\/cms\/de\/2026\/04\/29\/alle-bestanden-weiterbildungslehrgang-praxisanleitung-2026-lg-5\/","title":{"rendered":"Alle bestanden \u2014 Weiterbildungslehrgang Praxisanleitung 2026 \/LG 5"},"content":{"rendered":"\n<p>Wir freuen uns sehr: Alle Absolventinnen und Absolventen des Weiterbildungslehrgangs Praxisanleitung 2026 haben ihre kommissionelle Abschlusspr\u00fcfung erfolgreich bestanden. Die Pr\u00fcfungen fanden unter der beh\u00f6rdlichen Aufsicht der MA 15 \u2013 Wiener Gesundheitsdienst statt und wurden gem\u00e4\u00df \u00a7 64 und \u00a7 104a GuKG durchgef\u00fchrt. Ein herzliches Gl\u00fcckwunsch an alle!<\/p>\n\n\n\n<figure class=\"wp-block-image size-large\"><img loading=\"lazy\" decoding=\"async\" width=\"1024\" height=\"690\" src=\"https:\/\/www.diepartner.at\/cms\/de\/wp-content\/uploads\/2026\/04\/Prax-An-26-b-2-1024x690.jpg\" alt=\"\" class=\"wp-image-403\" srcset=\"https:\/\/www.diepartner.at\/cms\/de\/wp-content\/uploads\/2026\/04\/Prax-An-26-b-2-1024x690.jpg 1024w, https:\/\/www.diepartner.at\/cms\/de\/wp-content\/uploads\/2026\/04\/Prax-An-26-b-2-300x202.jpg 300w, https:\/\/www.diepartner.at\/cms\/de\/wp-content\/uploads\/2026\/04\/Prax-An-26-b-2-768x518.jpg 768w, https:\/\/www.diepartner.at\/cms\/de\/wp-content\/uploads\/2026\/04\/Prax-An-26-b-2-1536x1035.jpg 1536w, https:\/\/www.diepartner.at\/cms\/de\/wp-content\/uploads\/2026\/04\/Prax-An-26-b-2-2048x1380.jpg 2048w, https:\/\/www.diepartner.at\/cms\/de\/wp-content\/uploads\/2026\/04\/Prax-An-26-b-2-1568x1057.jpg 1568w, https:\/\/www.diepartner.at\/cms\/de\/wp-content\/uploads\/2026\/04\/Prax-An-26-b-2-600x404.jpg 600w\" sizes=\"auto, (max-width: 1024px) 100vw, 1024px\" \/><\/figure>\n\n\n\n<p><strong>Themenvielfalt, die beeindruckt<\/strong><\/p>\n\n\n\n<p>Die Abschlussarbeiten dieses Jahrgangs zeigten eine bemerkenswerte Bandbreite. Klinische Pfleget\u00e4tigkeiten wie EKG-Ableitung, Blutzuckermessung und Insulingabe wurden ebenso didaktisch durchdrungen wie komplexe Aufnahmeprozesse in der station\u00e4ren Langzeitpflege. Mehrere Arbeiten widmeten sich der Einf\u00fchrung von Pflegefachassistenz-Konzepten und der rechtlich fundierten Kompetenzabgrenzung gem\u00e4\u00df GuKG. Kommunikation als p\u00e4dagogisches Kerninstrument war ein weiterer roter Faden durch den Jahrgang.<\/p>\n\n\n\n<p><strong>Sozialbetreuungsberufe \u2014 mittendrin<\/strong><\/p>\n\n\n\n<p>Besonders hervorzuheben ist die aktive Beteiligung von Fachkr\u00e4ften aus den Wiener Sozialbetreuungsberufen. Fach-Sozialbetreuer*innen gem\u00e4\u00df WSBBG sind ein wichtiger Teil dieses Lehrgangs \u2014 und ihre Abschlussarbeiten zeigten eindrucksvoll, wie Praxisanleitung in sozialen Betreuungssettings fachlich und rechtlich sicher gestaltet werden kann. Der Lehrgang steht bewusst allen Berufsgruppen der Pflege und sozialen Betreuung offen.<\/p>\n\n\n\n<p><strong>Queere Themen in der Pflege und Betreuung \u2014 Sichtbarkeit als Haltung<\/strong><\/p>\n\n\n\n<p>Einer der inhaltlich besonders mutigen Beitr\u00e4ge dieses Jahrgangs widmete sich dem Thema Diversity Care mit Fokus auf queere Menschen in Pflege- und Betreuungskontexten. Wie k\u00f6nnen Anleitungssituationen genutzt werden, um diskriminierungsfreie Pflege nicht nur zu fordern, sondern aktiv einzu\u00fcben? Die Arbeit bewegte sich an der Schnittstelle von Pflegep\u00e4dagogik, Antidiskriminierung und innovativer Methodik \u2014 und macht deutlich: Wer queere Lebensrealit\u00e4ten in der Ausbildung thematisiert, tr\u00e4gt aktiv zu einer menschenw\u00fcrdigeren Versorgungskultur bei.<\/p>\n\n\n\n<p><strong>Mag. Gabriela Messner<\/strong><\/p>\n\n\n\n<p>Lehrgangsleitung Weiterbildungslehrgang Praxisanleitung<\/p>\n\n\n\n<p><\/p>\n","protected":false},"excerpt":{"rendered":"<p>Wir freuen uns sehr: Alle Absolventinnen und Absolventen des Weiterbildungslehrgangs Praxisanleitung 2026 haben ihre kommissionelle Abschlusspr\u00fcfung erfolgreich bestanden. Die Pr\u00fcfungen fanden unter der beh\u00f6rdlichen Aufsicht der MA 15 \u2013 Wiener Gesundheitsdienst statt und wurden gem\u00e4\u00df \u00a7 64 und \u00a7 104a GuKG durchgef\u00fchrt. Ein herzliches Gl\u00fcckwunsch an alle! Themenvielfalt, die beeindruckt Die Abschlussarbeiten dieses Jahrgangs zeigten&hellip; <a class=\"more-link\" href=\"https:\/\/www.diepartner.at\/cms\/de\/2026\/04\/29\/alle-bestanden-weiterbildungslehrgang-praxisanleitung-2026-lg-5\/\"><span class=\"screen-reader-text\">Alle bestanden \u2014 Weiterbildungslehrgang Praxisanleitung 2026 \/LG 5<\/span> weiterlesen<\/a><\/p>\n","protected":false},"author":2,"featured_media":0,"comment_status":"open","ping_status":"open","sticky":false,"template":"","format":"standard","meta":{"footnotes":""},"categories":[1],"tags":[],"class_list":["post-392","post","type-post","status-publish","format-standard","hentry","category-allgemein","entry"],"_links":{"self":[{"href":"https:\/\/www.diepartner.at\/cms\/de\/wp-json\/wp\/v2\/posts\/392","targetHints":{"allow":["GET"]}}],"collection":[{"href":"https:\/\/www.diepartner.at\/cms\/de\/wp-json\/wp\/v2\/posts"}],"about":[{"href":"https:\/\/www.diepartner.at\/cms\/de\/wp-json\/wp\/v2\/types\/post"}],"author":[{"embeddable":true,"href":"https:\/\/www.diepartner.at\/cms\/de\/wp-json\/wp\/v2\/users\/2"}],"replies":[{"embeddable":true,"href":"https:\/\/www.diepartner.at\/cms\/de\/wp-json\/wp\/v2\/comments?post=392"}],"version-history":[{"count":6,"href":"https:\/\/www.diepartner.at\/cms\/de\/wp-json\/wp\/v2\/posts\/392\/revisions"}],"predecessor-version":[{"id":404,"href":"https:\/\/www.diepartner.at\/cms\/de\/wp-json\/wp\/v2\/posts\/392\/revisions\/404"}],"wp:attachment":[{"href":"https:\/\/www.diepartner.at\/cms\/de\/wp-json\/wp\/v2\/media?parent=392"}],"wp:term":[{"taxonomy":"category","embeddable":true,"href":"https:\/\/www.diepartner.at\/cms\/de\/wp-json\/wp\/v2\/categories?post=392"},{"taxonomy":"post_tag","embeddable":true,"href":"https:\/\/www.diepartner.at\/cms\/de\/wp-json\/wp\/v2\/tags?post=392"}],"curies":[{"name":"wp","href":"https:\/\/api.w.org\/{rel}","templated":true}]}}