{"id":367,"date":"2025-12-11T18:14:15","date_gmt":"2025-12-11T17:14:15","guid":{"rendered":"https:\/\/www.diepartner.at\/cms\/de\/?p=367"},"modified":"2025-12-22T13:19:12","modified_gmt":"2025-12-22T12:19:12","slug":"zwischen-anspruch-und-alltag","status":"publish","type":"post","link":"https:\/\/www.diepartner.at\/cms\/de\/2025\/12\/11\/zwischen-anspruch-und-alltag\/","title":{"rendered":"Zwischen Anspruch und Alltag"},"content":{"rendered":"\n<h3 class=\"wp-block-heading\"><strong>Nachhaltigkeit im Pflegemanagement gestalten \u2013 ein Workshopbericht<\/strong><\/h3>\n\n\n\n<figure class=\"wp-block-image size-large\"><img loading=\"lazy\" decoding=\"async\" width=\"1024\" height=\"553\" src=\"https:\/\/www.diepartner.at\/cms\/de\/wp-content\/uploads\/2025\/12\/Klimabilanz-1024x553.png\" alt=\"\" class=\"wp-image-372\" srcset=\"https:\/\/www.diepartner.at\/cms\/de\/wp-content\/uploads\/2025\/12\/Klimabilanz-1024x553.png 1024w, https:\/\/www.diepartner.at\/cms\/de\/wp-content\/uploads\/2025\/12\/Klimabilanz-300x162.png 300w, https:\/\/www.diepartner.at\/cms\/de\/wp-content\/uploads\/2025\/12\/Klimabilanz-768x415.png 768w, https:\/\/www.diepartner.at\/cms\/de\/wp-content\/uploads\/2025\/12\/Klimabilanz-600x324.png 600w, https:\/\/www.diepartner.at\/cms\/de\/wp-content\/uploads\/2025\/12\/Klimabilanz.png 1232w\" sizes=\"auto, (max-width: 1024px) 100vw, 1024px\" \/><\/figure>\n\n\n\n<p>2024 hat \u00d6sterreich als eines der ersten L\u00e4nder in Europa eine umfassende Strategie vorgelegt, die das Gesundheitswesen bis 2040 klimaneutral machen soll. Auf politischer Ebene steht also fest, wohin die Reise geht. Doch die entscheidende Frage lautet: <strong>Wie kommen diese Ziele dorthin, wo Pflege tats\u00e4chlich stattfindet \u2013 in die H\u00e4user, Stationen und Teams?<\/strong><\/p>\n\n\n\n<p>In einem Workshop mit F\u00fchrungskr\u00e4ften aus dem basalen und mittleren Pflegemanagement wurde genau das sichtbar. Dort zeigte sich, wie aus einem nationalen Ziel pl\u00f6tzlich ein ganz konkretes Projekt entsteht, das sich im Alltag umsetzen l\u00e4sst.<\/p>\n\n\n\n<h2 class=\"wp-block-heading\">Vom gro\u00dfen Ziel zur lokalen Verantwortung<\/h2>\n\n\n\n<p>Der Gesundheitssektor verursacht in \u00d6sterreich rund sieben Prozent der nationalen CO\u2082-Emissionen. Ein betr\u00e4chtlicher Anteil stammt aus Bereichen wie Medizinprodukten, der Energieversorgung von Geb\u00e4uden, Ern\u00e4hrung, Mobilit\u00e4t oder dem Umgang mit Ressourcen. Die Strategie benennt diese Felder klar, doch ihre Umsetzung beginnt immer dort, wo Menschen Verantwortung \u00fcbernehmen \u2013 und das sind h\u00e4ufig die F\u00fchrungskr\u00e4fte, die Teams leiten, Abl\u00e4ufe gestalten und Entscheidungen f\u00fcr ihre Einrichtungen treffen.<\/p>\n\n\n\n<p>Nachhaltigkeit ist f\u00fcr sie kein abstrakter Trend, sondern zunehmend Teil professioneller F\u00fchrungsarbeit.<\/p>\n\n\n\n<h2 class=\"wp-block-heading\">Ein Workshop, der Nachhaltigkeit greifbar macht<\/h2>\n\n\n\n<p>Um diesen Transfer von der Strategie in die Praxis zu erleichtern, wurden die Teilnehmer:innen im Workshop nicht mit theoretischen Konzepten konfrontiert, sondern mit einer Aufgabe, die unmittelbar an ihren Alltag anschlie\u00dft: <strong>Sie sollten ein eigenes Nachhaltigkeitsprojekt f\u00fcr ihren Bereich entwickeln.<\/strong><\/p>\n\n\n\n<p>Das Arbeiten in den Gruppen verlief in zwei Schritten. Zun\u00e4chst ging es darum, die Idee zu sch\u00e4rfen: Was genau soll erreicht werden? Wen betrifft das Vorhaben, wer kann es unterst\u00fctzen, wer k\u00f6nnte bremsen? Und welche Risiken sind realistisch?<\/p>\n\n\n\n<p>Erst danach begannen die Teams mit der eigentlichen Planung. Sie definierten Meilensteine, legten Zeitpl\u00e4ne fest, kalkulierten Ressourcen und besprachen, wer welche Verantwortung \u00fcbernimmt. So entstand Schritt f\u00fcr Schritt ein Projektentwurf, der nicht in einer Schublade landet, sondern prinzipiell direkt umgesetzt werden k\u00f6nnte.<\/p>\n\n\n\n<h2 class=\"wp-block-heading\">Drei Beispiele aus der Praxis<\/h2>\n\n\n\n<p>Die Vielfalt der Ergebnisse zeigte, wie breit Nachhaltigkeit in der Pflege verankert werden kann.<\/p>\n\n\n\n<p>Eine Gruppe nahm sich die Speiseabf\u00e4lle vor \u2013 ein Thema, das vielen H\u00e4usern bekannt ist. Ihr Ziel war es, innerhalb von sechs Monaten die vermeidbaren Abf\u00e4lle um 20 Prozent zu reduzieren. Die Idee reichte von Bedarfserhebungen \u00fcber angepasste Portionierungen bis hin zu systematischen R\u00fcckmeldungen an die K\u00fcche, um kontinuierlich nachzusteuern.<\/p>\n\n\n\n<p>Eine andere Gruppe widmete sich dem Handschuhverbrauch. Der indikationsgerechte Einsatz sch\u00fctzt nicht nur die Umwelt, sondern verbessert auch die Hygiene und spart Kosten. Schulungen, Informationsmaterial und die enge Zusammenarbeit mit Hygienefachkr\u00e4ften bildeten den Kern ihres Konzepts. Die Gruppe kalkulierte au\u00dferdem den Aufwand \u2013 etwa 590 Projektstunden \u2013, um realistisch einsch\u00e4tzen zu k\u00f6nnen, was notwendig ist.<\/p>\n\n\n\n<p>Noch ambitionierter plante eine dritte Gruppe: Sie wollte die Mobilit\u00e4t ihrer Einrichtung klimafreundlicher gestalten und innerhalb von zwei Jahren sowohl E-Fahrzeuge als auch \u00d6PNV-Tickets einf\u00fchren. Die Planung umfasste eine Pilotphase, ein detailliertes Budget und die Integration der neuen Mobilit\u00e4tsformen in den Arbeitsalltag.<\/p>\n\n\n\n<figure class=\"wp-block-image size-full\"><img loading=\"lazy\" decoding=\"async\" width=\"887\" height=\"668\" src=\"https:\/\/www.diepartner.at\/cms\/de\/wp-content\/uploads\/2025\/12\/Speiseeplan-.png\" alt=\"\" class=\"wp-image-373\" srcset=\"https:\/\/www.diepartner.at\/cms\/de\/wp-content\/uploads\/2025\/12\/Speiseeplan-.png 887w, https:\/\/www.diepartner.at\/cms\/de\/wp-content\/uploads\/2025\/12\/Speiseeplan--300x226.png 300w, https:\/\/www.diepartner.at\/cms\/de\/wp-content\/uploads\/2025\/12\/Speiseeplan--768x578.png 768w, https:\/\/www.diepartner.at\/cms\/de\/wp-content\/uploads\/2025\/12\/Speiseeplan--600x452.png 600w\" sizes=\"auto, (max-width: 887px) 100vw, 887px\" \/><\/figure>\n\n\n\n<h2 class=\"wp-block-heading\">Was bleibt, wenn der Workshop vorbei ist<\/h2>\n\n\n\n<p>Am Ende nahmen die F\u00fchrungskr\u00e4fte nicht nur ein fertiges Projektmodell mit, sondern auch Kompetenzen, die f\u00fcr jedes Managementthema relevant sind: strukturiertes Arbeiten, realistische Planung, reflektierter Umgang mit Widerst\u00e4nden und ein klarer Blick f\u00fcr die Menschen, die in ein Projekt eingebunden werden m\u00fcssen.<\/p>\n\n\n\n<p>Die Erfahrung zeigte deutlich: <strong>F\u00fchrungskr\u00e4fte in der Pflege wollen Verantwortung \u00fcbernehmen \u2013 und sie k\u00f6nnen es, wenn man ihnen das passende methodische R\u00fcstzeug daf\u00fcr gibt.<\/strong> Nachhaltigkeit wird dadurch zu etwas, das nicht von au\u00dfen \u201eaufgepfropft\u201c wird, sondern im eigenen Team entsteht und getragen wird.<\/p>\n\n\n\n<p>Die nationale Strategie bietet die Richtung vor. Die Umsetzung beginnt dort, wo Pflegef\u00fchrung bereit ist, diese Richtung mitzugestalten.<\/p>\n\n\n\n<figure class=\"wp-block-image size-full\"><img loading=\"lazy\" decoding=\"async\" width=\"486\" height=\"682\" src=\"https:\/\/www.diepartner.at\/cms\/de\/wp-content\/uploads\/2025\/12\/Handschuhee.png\" alt=\"\" class=\"wp-image-374\" srcset=\"https:\/\/www.diepartner.at\/cms\/de\/wp-content\/uploads\/2025\/12\/Handschuhee.png 486w, https:\/\/www.diepartner.at\/cms\/de\/wp-content\/uploads\/2025\/12\/Handschuhee-214x300.png 214w\" sizes=\"auto, (max-width: 486px) 100vw, 486px\" \/><\/figure>\n","protected":false},"excerpt":{"rendered":"<p>Nachhaltigkeit im Pflegemanagement gestalten \u2013 ein Workshopbericht 2024 hat \u00d6sterreich als eines der ersten L\u00e4nder in Europa eine umfassende Strategie vorgelegt, die das Gesundheitswesen bis 2040 klimaneutral machen soll. Auf politischer Ebene steht also fest, wohin die Reise geht. Doch die entscheidende Frage lautet: Wie kommen diese Ziele dorthin, wo Pflege tats\u00e4chlich stattfindet \u2013 in&hellip; <a class=\"more-link\" href=\"https:\/\/www.diepartner.at\/cms\/de\/2025\/12\/11\/zwischen-anspruch-und-alltag\/\"><span class=\"screen-reader-text\">Zwischen Anspruch und Alltag<\/span> weiterlesen<\/a><\/p>\n","protected":false},"author":2,"featured_media":0,"comment_status":"open","ping_status":"open","sticky":false,"template":"","format":"standard","meta":{"footnotes":""},"categories":[10],"tags":[12,52,51,8,53],"class_list":["post-367","post","type-post","status-publish","format-standard","hentry","category-weiterbildung","tag-fuehrung","tag-klimaneutralitaet","tag-nachhaltigkeit","tag-pflegemanagement","tag-zielsetzung","entry"],"_links":{"self":[{"href":"https:\/\/www.diepartner.at\/cms\/de\/wp-json\/wp\/v2\/posts\/367","targetHints":{"allow":["GET"]}}],"collection":[{"href":"https:\/\/www.diepartner.at\/cms\/de\/wp-json\/wp\/v2\/posts"}],"about":[{"href":"https:\/\/www.diepartner.at\/cms\/de\/wp-json\/wp\/v2\/types\/post"}],"author":[{"embeddable":true,"href":"https:\/\/www.diepartner.at\/cms\/de\/wp-json\/wp\/v2\/users\/2"}],"replies":[{"embeddable":true,"href":"https:\/\/www.diepartner.at\/cms\/de\/wp-json\/wp\/v2\/comments?post=367"}],"version-history":[{"count":2,"href":"https:\/\/www.diepartner.at\/cms\/de\/wp-json\/wp\/v2\/posts\/367\/revisions"}],"predecessor-version":[{"id":375,"href":"https:\/\/www.diepartner.at\/cms\/de\/wp-json\/wp\/v2\/posts\/367\/revisions\/375"}],"wp:attachment":[{"href":"https:\/\/www.diepartner.at\/cms\/de\/wp-json\/wp\/v2\/media?parent=367"}],"wp:term":[{"taxonomy":"category","embeddable":true,"href":"https:\/\/www.diepartner.at\/cms\/de\/wp-json\/wp\/v2\/categories?post=367"},{"taxonomy":"post_tag","embeddable":true,"href":"https:\/\/www.diepartner.at\/cms\/de\/wp-json\/wp\/v2\/tags?post=367"}],"curies":[{"name":"wp","href":"https:\/\/api.w.org\/{rel}","templated":true}]}}