{"id":359,"date":"2025-10-16T10:43:44","date_gmt":"2025-10-16T08:43:44","guid":{"rendered":"https:\/\/www.diepartner.at\/cms\/de\/?p=359"},"modified":"2025-12-22T13:33:07","modified_gmt":"2025-12-22T12:33:07","slug":"fuehrungskraefte","status":"publish","type":"post","link":"https:\/\/www.diepartner.at\/cms\/de\/2025\/10\/16\/fuehrungskraefte\/","title":{"rendered":"F\u00fchrungskr\u00e4fte"},"content":{"rendered":"\n<h1 class=\"wp-block-heading\">Bereits zum dritten Mal: F\u00fchrungskr\u00e4ftelehrgang Basales und Mittleres Pflegemanagement \u00a7 64 GuKG erfolgreich gestartet<\/h1>\n\n\n\n<p>Nach dem gro\u00dfen Erfolg der beiden vorherigen Durchg\u00e4nge freuen wir uns, bereits zum dritten Mal den bew\u00e4hrten F\u00fchrungskr\u00e4ftelehrgang bei diepartner.at anbieten zu k\u00f6nnen. Nach einem gelungenen Kennenlernen und einer umfassenden Orientierung haben sich unsere engagierten Teilnehmer*innen bereits intensiv mit den Kernthemen <strong>Organisationsentwicklung<\/strong> und <strong>Personalentwicklung<\/strong> auseinandergesetzt und zeigen erste positive Entwicklungen.<\/p>\n\n\n\n<figure class=\"wp-block-image size-large\"><img loading=\"lazy\" decoding=\"async\" width=\"1024\" height=\"1024\" src=\"https:\/\/www.diepartner.at\/cms\/de\/wp-content\/uploads\/2025\/10\/BMPM2-1024x1024.png\" alt=\"\" class=\"wp-image-360\" srcset=\"https:\/\/www.diepartner.at\/cms\/de\/wp-content\/uploads\/2025\/10\/BMPM2-1024x1024.png 1024w, https:\/\/www.diepartner.at\/cms\/de\/wp-content\/uploads\/2025\/10\/BMPM2-300x300.png 300w, https:\/\/www.diepartner.at\/cms\/de\/wp-content\/uploads\/2025\/10\/BMPM2-150x150.png 150w, https:\/\/www.diepartner.at\/cms\/de\/wp-content\/uploads\/2025\/10\/BMPM2-768x768.png 768w, https:\/\/www.diepartner.at\/cms\/de\/wp-content\/uploads\/2025\/10\/BMPM2-450x450.png 450w, https:\/\/www.diepartner.at\/cms\/de\/wp-content\/uploads\/2025\/10\/BMPM2-600x600.png 600w, https:\/\/www.diepartner.at\/cms\/de\/wp-content\/uploads\/2025\/10\/BMPM2-100x100.png 100w, https:\/\/www.diepartner.at\/cms\/de\/wp-content\/uploads\/2025\/10\/BMPM2.png 1333w\" sizes=\"auto, (max-width: 1024px) 100vw, 1024px\" \/><\/figure>\n\n\n\n<h2 class=\"wp-block-heading\">Praxisnahe Expertise macht den Unterschied<\/h2>\n\n\n\n<p>Besonders wertvoll und gewinnbringend empfanden die Teilnehmer<em>innen die praktischen Einblicke von <strong>Anastasia Knoll, MLS<\/strong> von der <a href=\"https:\/\/www.yjya-agency.com\/uber-uns\">YJYA Agency<\/a>. Ihre fundierten Informationen zum **professionellen Onboarding von Mitarbeiter<\/em>innen** haben neue Perspektiven er\u00f6ffnet und konkrete Handlungsans\u00e4tze f\u00fcr die Praxis aufgezeigt.<\/p>\n\n\n\n<h2 class=\"wp-block-heading\">Warum professionelles Onboarding in der Pflege entscheidend ist<\/h2>\n\n\n\n<p>In der heutigen Zeit des Fachkr\u00e4ftemangels ist es wichtiger denn je, neue Mitarbeiter*innen von Beginn an optimal zu integrieren. Ein strukturiertes Onboarding:<\/p>\n\n\n\n<ul class=\"wp-block-list\">\n<li><strong>Reduziert die Fluktuation<\/strong> in den ersten kritischen Monaten<\/li>\n\n\n\n<li><strong>Verk\u00fcrzt die Einarbeitungszeit<\/strong> und steigert die Produktivit\u00e4t<\/li>\n\n\n\n<li><strong>St\u00e4rkt die Mitarbeiterbindung<\/strong> und das Zugeh\u00f6rigkeitsgef\u00fchl<\/li>\n\n\n\n<li><strong>Gew\u00e4hrleistet Qualit\u00e4tsstandards<\/strong> von der ersten Arbeitsminute an<\/li>\n<\/ul>\n\n\n\n<h2 class=\"wp-block-heading\">N\u00e4chste Schritte im Lehrgang<\/h2>\n\n\n\n<p>Die Teilnehmer*innen werden die gewonnenen Erkenntnisse in den kommenden Modulen vertiefen und praktische Umsetzungsstrategien f\u00fcr ihre eigenen Arbeitsbereiche entwickeln. Der Fokus liegt dabei auf der nachhaltigen Implementierung moderner F\u00fchrungstools im Pflegemanagement.<\/p>\n\n\n\n<p><strong>Wir freuen uns auf die weitere Entwicklung unserer zuk\u00fcnftigen F\u00fchrungskr\u00e4fte!<\/strong><\/p>\n\n\n\n<hr class=\"wp-block-separator has-alpha-channel-opacity\"\/>\n\n\n\n<p><em>#Pflegemanagement #F\u00fchrungskr\u00e4fteentwicklung #Onboarding #GuKG #Personalentwicklung #Organisationsentwicklung<\/em><\/p>\n","protected":false},"excerpt":{"rendered":"<p>Bereits zum dritten Mal: F\u00fchrungskr\u00e4ftelehrgang Basales und Mittleres Pflegemanagement \u00a7 64 GuKG erfolgreich gestartet Nach dem gro\u00dfen Erfolg der beiden vorherigen Durchg\u00e4nge freuen wir uns, bereits zum dritten Mal den bew\u00e4hrten F\u00fchrungskr\u00e4ftelehrgang bei diepartner.at anbieten zu k\u00f6nnen. Nach einem gelungenen Kennenlernen und einer umfassenden Orientierung haben sich unsere engagierten Teilnehmer*innen bereits intensiv mit den Kernthemen&hellip; <a class=\"more-link\" href=\"https:\/\/www.diepartner.at\/cms\/de\/2025\/10\/16\/fuehrungskraefte\/\"><span class=\"screen-reader-text\">F\u00fchrungskr\u00e4fte<\/span> weiterlesen<\/a><\/p>\n","protected":false},"author":2,"featured_media":0,"comment_status":"open","ping_status":"open","sticky":false,"template":"","format":"standard","meta":{"footnotes":""},"categories":[10],"tags":[12,58,55,37,54,57,56,8],"class_list":["post-359","post","type-post","status-publish","format-standard","hentry","category-weiterbildung","tag-fuehrung","tag-fuehrungskraefteentwicklung","tag-gukg","tag-management","tag-onboarding","tag-organisationsentwicklung","tag-personalentwicklung","tag-pflegemanagement","entry"],"_links":{"self":[{"href":"https:\/\/www.diepartner.at\/cms\/de\/wp-json\/wp\/v2\/posts\/359","targetHints":{"allow":["GET"]}}],"collection":[{"href":"https:\/\/www.diepartner.at\/cms\/de\/wp-json\/wp\/v2\/posts"}],"about":[{"href":"https:\/\/www.diepartner.at\/cms\/de\/wp-json\/wp\/v2\/types\/post"}],"author":[{"embeddable":true,"href":"https:\/\/www.diepartner.at\/cms\/de\/wp-json\/wp\/v2\/users\/2"}],"replies":[{"embeddable":true,"href":"https:\/\/www.diepartner.at\/cms\/de\/wp-json\/wp\/v2\/comments?post=359"}],"version-history":[{"count":1,"href":"https:\/\/www.diepartner.at\/cms\/de\/wp-json\/wp\/v2\/posts\/359\/revisions"}],"predecessor-version":[{"id":361,"href":"https:\/\/www.diepartner.at\/cms\/de\/wp-json\/wp\/v2\/posts\/359\/revisions\/361"}],"wp:attachment":[{"href":"https:\/\/www.diepartner.at\/cms\/de\/wp-json\/wp\/v2\/media?parent=359"}],"wp:term":[{"taxonomy":"category","embeddable":true,"href":"https:\/\/www.diepartner.at\/cms\/de\/wp-json\/wp\/v2\/categories?post=359"},{"taxonomy":"post_tag","embeddable":true,"href":"https:\/\/www.diepartner.at\/cms\/de\/wp-json\/wp\/v2\/tags?post=359"}],"curies":[{"name":"wp","href":"https:\/\/api.w.org\/{rel}","templated":true}]}}