{"id":347,"date":"2025-07-17T10:09:39","date_gmt":"2025-07-17T08:09:39","guid":{"rendered":"https:\/\/www.diepartner.at\/cms\/de\/?p=347"},"modified":"2025-07-17T11:27:45","modified_gmt":"2025-07-17T09:27:45","slug":"workshop-arbeit-zeit","status":"publish","type":"post","link":"https:\/\/www.diepartner.at\/cms\/de\/2025\/07\/17\/workshop-arbeit-zeit\/","title":{"rendered":"Workshop &#8222;Arbeit &amp; Zeit&#8220;"},"content":{"rendered":"\n<p>Eine gemeinsame Veranstaltung der \u00d6sterreichischen Arbeitsgemeinschaft f\u00fcr Ergonomie und der Arbeitszeitgesellschaft &#8211; unterst\u00fctzt von diepartner.at.<\/p>\n\n\n\n<div class=\"wp-block-columns is-layout-flex wp-container-core-columns-is-layout-9d6595d7 wp-block-columns-is-layout-flex\">\n<div class=\"wp-block-column is-layout-flow wp-block-column-is-layout-flow\">\n<figure class=\"wp-block-image size-full\"><img loading=\"lazy\" decoding=\"async\" width=\"214\" height=\"87\" src=\"https:\/\/www.diepartner.at\/cms\/de\/wp-content\/uploads\/2025\/07\/oeae_logo.jpg\" alt=\"\" class=\"wp-image-350\"\/><\/figure>\n<\/div>\n\n\n\n<div class=\"wp-block-column is-layout-flow wp-block-column-is-layout-flow\">\n<figure class=\"wp-block-image size-full\"><img loading=\"lazy\" decoding=\"async\" width=\"373\" height=\"150\" src=\"https:\/\/www.diepartner.at\/cms\/de\/wp-content\/uploads\/2025\/07\/Arbeitszeit_Gesellschaft_Logo.png\" alt=\"\" class=\"wp-image-351\" srcset=\"https:\/\/www.diepartner.at\/cms\/de\/wp-content\/uploads\/2025\/07\/Arbeitszeit_Gesellschaft_Logo.png 373w, https:\/\/www.diepartner.at\/cms\/de\/wp-content\/uploads\/2025\/07\/Arbeitszeit_Gesellschaft_Logo-300x121.png 300w\" sizes=\"auto, (max-width: 373px) 100vw, 373px\" \/><\/figure>\n<\/div>\n\n\n\n<div class=\"wp-block-column is-layout-flow wp-block-column-is-layout-flow\">\n<figure class=\"wp-block-image size-full\"><img loading=\"lazy\" decoding=\"async\" width=\"500\" height=\"180\" src=\"https:\/\/www.diepartner.at\/cms\/de\/wp-content\/uploads\/2025\/07\/dp_small_2024.jpg\" alt=\"\" class=\"wp-image-352\" srcset=\"https:\/\/www.diepartner.at\/cms\/de\/wp-content\/uploads\/2025\/07\/dp_small_2024.jpg 500w, https:\/\/www.diepartner.at\/cms\/de\/wp-content\/uploads\/2025\/07\/dp_small_2024-300x108.jpg 300w\" sizes=\"auto, (max-width: 500px) 100vw, 500px\" \/><\/figure>\n<\/div>\n<\/div>\n\n\n\n<p class=\"has-large-font-size\"><strong>9. Oktober 2025, 13:00 &#8211; 17:30 Uhr<\/strong><\/p>\n\n\n\n<p><strong>Tagungsort<\/strong><br>Hotel Mercure Grand Hotel Biedermeier, Landstra\u00dfer Hauptstrasse 28, 1030 Wien<\/p>\n\n\n\n<p><strong>Programm<\/strong><\/p>\n\n\n\n<p><strong>ab 13:00 Registrierung<\/strong><\/p>\n\n\n\n<p><strong>13:30 Er\u00f6ffnung<\/strong><\/p>\n\n\n\n<p>Begr\u00fc\u00dfung durch die Arbeitszeitgesellschaft (Anne W\u00f6hrmann)<br>Begr\u00fc\u00dfung durch die \u00d6sterreichische Arbeitsgemeinschaft f\u00fcr Ergonomie (Michael Wichtl, Harald Kviecien)<\/p>\n\n\n\n<p><strong>13:45 Impulsbeitr\u00e4ge aus Wissenschaft und Praxis<\/strong><br><strong>mit anschlie\u00dfender Diskussion<\/strong><\/p>\n\n\n\n<p><strong>13:45 <\/strong><strong>Themenkreis \u201eGesundheits- und Sozialwesen\u201c<\/strong><\/p>\n\n\n\n<p>Arbeitszeitgestaltung in der station\u00e4ren Langzeitpflege \u2013 Balance zwischen Besch\u00e4ftigten, Organisation und Klient:innen <em>(Silke V\u00f6lz und Lena Marie Wirth, Institut Arbeit und Technik der Westf\u00e4lischen Hochschule, Gelsenkirchen)<\/em><\/p>\n\n\n\n<p>(Arbeits-)integriertes Lernen &#8211; ein neuer Ansatz zum Umgang mit Transitionen im Gesundheits- und Sozialwesen (demografischer Wandel, Mangel an Fachkr\u00e4ften und Zeit) <em>(Gabriela Messner, diepartner.at)<\/em><\/p>\n\n\n\n<p><strong>14:45 Pause<\/strong><\/p>\n\n\n\n<p><strong>15:15 Themenkreis \u201eIndustrie\u201c<\/strong><\/p>\n\n\n\n<p>Gleitzeit bei Arbeitern in der Supply Chain \u2013 Kann das funktionieren? <em>(Michael Mayerhofer &amp; Hr. Martin Fleischanderl, Doka GmbH, Amstetten)<\/em><\/p>\n\n\n\n<p>Verbindliche Umsetzung ergonomischer Kriterien in eine Arbeitszeit-Betriebsvereinbarung <em>(Martina-Felizitas Unger, Boehringer Ingelheim, Wien)<\/em><\/p>\n\n\n\n<p><strong>16:15 Themenkreis \u201eLand- und Forstwirtschaft, Life Science\u201c<\/strong><\/p>\n\n\n\n<p>Bedeutung der Arbeitszeit bei der Bew\u00e4ltigung der k\u00fcnftigen gesellschaftlichen Herausforderungen in der Landwirtschaft im Zeitalter der digitalen Transformation <em>(Elisabeth Quendler, BOKU Universit\u00e4t, Wien)<\/em><\/p>\n\n\n\n<p><strong>17:00 Sammeln der Diskussionsthemen im Plenum<\/strong><\/p>\n\n\n\n<p><strong>17:20 Impuls: <\/strong>Aktuelle Themen der Arbeitszeitforschung und offene Fragen <em>(Anne W\u00f6hrmann)<\/em><\/p>\n\n\n\n<p><strong>17:30 Verabschiedung und Abschluss der Veranstaltung<\/strong><\/p>\n\n\n\n<p><strong>19:00 Abendveranstaltung<\/strong><\/p>\n\n\n\n<p><strong>Anmeldung<\/strong><br><a href=\"https:\/\/arbeitszeitgesellschaft.wildapricot.org\/event-6172485\">Die Anmeldung zum Workshop &#8222;Arbeit &amp; Zeit&#8220; erfolgt \u00fcber die Arbeitszeitgesellschaft<\/a>.<\/p>\n\n\n\n<p><strong>Fortbildung<\/strong><br>Die Veranstaltung wird mit Fortbildungspunkten f\u00fcr Pflegekr\u00e4fte (6 \u00d6GKV-PFP) anerkannt.<\/p>\n\n\n\n<p>Hinweis zur Anschluss-Veranstaltung: <br><a href=\"https:\/\/arbeitszeitgesellschaft.wildapricot.org\/event-6029211\">13. Symposium der Arbeitszeitgesellschaft<\/a> am 10. Oktober 2025 Wien<\/p>\n","protected":false},"excerpt":{"rendered":"<p>Eine gemeinsame Veranstaltung der \u00d6sterreichischen Arbeitsgemeinschaft f\u00fcr Ergonomie und der Arbeitszeitgesellschaft &#8211; unterst\u00fctzt von diepartner.at. 9. Oktober 2025, 13:00 &#8211; 17:30 Uhr TagungsortHotel Mercure Grand Hotel Biedermeier, Landstra\u00dfer Hauptstrasse 28, 1030 Wien Programm ab 13:00 Registrierung 13:30 Er\u00f6ffnung Begr\u00fc\u00dfung durch die Arbeitszeitgesellschaft (Anne W\u00f6hrmann)Begr\u00fc\u00dfung durch die \u00d6sterreichische Arbeitsgemeinschaft f\u00fcr Ergonomie (Michael Wichtl, Harald Kviecien) 13:45&hellip; <a class=\"more-link\" href=\"https:\/\/www.diepartner.at\/cms\/de\/2025\/07\/17\/workshop-arbeit-zeit\/\"><span class=\"screen-reader-text\">Workshop &#8222;Arbeit &amp; Zeit&#8220;<\/span> weiterlesen<\/a><\/p>\n","protected":false},"author":1,"featured_media":0,"comment_status":"open","ping_status":"open","sticky":false,"template":"","format":"standard","meta":{"footnotes":""},"categories":[7],"tags":[30,47,46,48,31,50,49,14],"class_list":["post-347","post","type-post","status-publish","format-standard","hentry","category-events","tag-arbeitsintegriert","tag-arbeitszeit","tag-ergonomie","tag-industrie","tag-integriertes_lernen","tag-intersektoral","tag-land-und-forstwirtschaft","tag-pflege","entry"],"_links":{"self":[{"href":"https:\/\/www.diepartner.at\/cms\/de\/wp-json\/wp\/v2\/posts\/347","targetHints":{"allow":["GET"]}}],"collection":[{"href":"https:\/\/www.diepartner.at\/cms\/de\/wp-json\/wp\/v2\/posts"}],"about":[{"href":"https:\/\/www.diepartner.at\/cms\/de\/wp-json\/wp\/v2\/types\/post"}],"author":[{"embeddable":true,"href":"https:\/\/www.diepartner.at\/cms\/de\/wp-json\/wp\/v2\/users\/1"}],"replies":[{"embeddable":true,"href":"https:\/\/www.diepartner.at\/cms\/de\/wp-json\/wp\/v2\/comments?post=347"}],"version-history":[{"count":6,"href":"https:\/\/www.diepartner.at\/cms\/de\/wp-json\/wp\/v2\/posts\/347\/revisions"}],"predecessor-version":[{"id":357,"href":"https:\/\/www.diepartner.at\/cms\/de\/wp-json\/wp\/v2\/posts\/347\/revisions\/357"}],"wp:attachment":[{"href":"https:\/\/www.diepartner.at\/cms\/de\/wp-json\/wp\/v2\/media?parent=347"}],"wp:term":[{"taxonomy":"category","embeddable":true,"href":"https:\/\/www.diepartner.at\/cms\/de\/wp-json\/wp\/v2\/categories?post=347"},{"taxonomy":"post_tag","embeddable":true,"href":"https:\/\/www.diepartner.at\/cms\/de\/wp-json\/wp\/v2\/tags?post=347"}],"curies":[{"name":"wp","href":"https:\/\/api.w.org\/{rel}","templated":true}]}}