{"id":227,"date":"2024-08-24T10:26:12","date_gmt":"2024-08-24T08:26:12","guid":{"rendered":"https:\/\/www.diepartner.at\/cms\/de\/?p=227"},"modified":"2024-08-26T16:33:12","modified_gmt":"2024-08-26T14:33:12","slug":"fortbildung-beurteilen-und-bewerten-ein-aufgabenbereich-der-praxisanleitung","status":"publish","type":"post","link":"https:\/\/www.diepartner.at\/cms\/de\/2024\/08\/24\/fortbildung-beurteilen-und-bewerten-ein-aufgabenbereich-der-praxisanleitung\/","title":{"rendered":"Fortbildung: Beurteilen und Bewerten &#8211; ein Aufgabenbereich der Praxisanleitung"},"content":{"rendered":"\n<p>Im Rahmen des Seminars setzen sich die Teilnehmenden mit verschiedenen Formen der Beurteilung durch die Praxisanleitung und den zugrundeliegenden rechtlichen Grundlagen auseinander, planen die Durchf\u00fchrung eines (problematischen) Beurteilungsgespr\u00e4chs und reflektieren dieses gemeinsam mit den Seminarteilnehmer_innen.<\/p>\n\n\n\n<p><strong>n\u00e4chste Termine (&amp; Anmeldung):<\/strong><\/p>\n\n\n\n<p>auf Anfrage<\/p>\n\n\n\n<p><strong>Teilnahmegeb\u00fchr<\/strong><\/p>\n\n\n\n<p>190 \u20ac (inkl. Ust)<\/p>\n\n\n\n<p><strong>Lehrinhalte<\/strong><\/p>\n\n\n\n<ul class=\"wp-block-list\">\n<li>Ausbildungsverordnung &amp; geltende rechtliche Rahmenbedingungen <\/li>\n\n\n\n<li>Funktion von Beurteilungen &amp; Beurteilungsprinzipien<\/li>\n\n\n\n<li>Beurteilungskriterien im Rahmen eines kompetenzorientierter Beurteilungsansatzes<\/li>\n\n\n\n<li>Ursachen f\u00fcr Fehleinsch\u00e4tzungen und Beurteilungsfehler <\/li>\n\n\n\n<li>Beurteilungsprozess<\/li>\n\n\n\n<li>Gespr\u00e4chsformen im Rahmen des Beurteilungsprozesses<\/li>\n\n\n\n<li>Umgang mit schwierigen Beurteilungssituationen <\/li>\n<\/ul>\n\n\n\n<p><strong>Zielgruppe<\/strong><\/p>\n\n\n\n<ul class=\"wp-block-list\">\n<li>Mitarbeiter_innen, die an der praktischen Ausbildung mitwirken<\/li>\n\n\n\n<li>Praxisanleiter_innen, die ihr Basiswissen auffrischen m\u00f6chten<\/li>\n<\/ul>\n\n\n\n<p><strong>Zertifikat und Fortbildungspunkte<\/strong><\/p>\n\n\n\n<ul class=\"wp-block-list\">\n<li>Fortbildungszertifikat (8 UE\/ 16 OEGKV-PFP)<\/li>\n<\/ul>\n","protected":false},"excerpt":{"rendered":"<p>Im Rahmen des Seminars setzen sich die Teilnehmenden mit verschiedenen Formen der Beurteilung durch die Praxisanleitung und den zugrundeliegenden rechtlichen Grundlagen auseinander, planen die Durchf\u00fchrung eines (problematischen) Beurteilungsgespr\u00e4chs und reflektieren dieses gemeinsam mit den Seminarteilnehmer_innen. n\u00e4chste Termine (&amp; Anmeldung): auf Anfrage Teilnahmegeb\u00fchr 190 \u20ac (inkl. Ust) Lehrinhalte Zielgruppe Zertifikat und Fortbildungspunkte<\/p>\n","protected":false},"author":5,"featured_media":0,"comment_status":"open","ping_status":"open","sticky":false,"template":"","format":"standard","meta":{"footnotes":""},"categories":[40],"tags":[11,14,13],"class_list":["post-227","post","type-post","status-publish","format-standard","hentry","category-fortbildung","tag-bildung","tag-pflege","tag-praxisanleitung","entry"],"_links":{"self":[{"href":"https:\/\/www.diepartner.at\/cms\/de\/wp-json\/wp\/v2\/posts\/227","targetHints":{"allow":["GET"]}}],"collection":[{"href":"https:\/\/www.diepartner.at\/cms\/de\/wp-json\/wp\/v2\/posts"}],"about":[{"href":"https:\/\/www.diepartner.at\/cms\/de\/wp-json\/wp\/v2\/types\/post"}],"author":[{"embeddable":true,"href":"https:\/\/www.diepartner.at\/cms\/de\/wp-json\/wp\/v2\/users\/5"}],"replies":[{"embeddable":true,"href":"https:\/\/www.diepartner.at\/cms\/de\/wp-json\/wp\/v2\/comments?post=227"}],"version-history":[{"count":2,"href":"https:\/\/www.diepartner.at\/cms\/de\/wp-json\/wp\/v2\/posts\/227\/revisions"}],"predecessor-version":[{"id":242,"href":"https:\/\/www.diepartner.at\/cms\/de\/wp-json\/wp\/v2\/posts\/227\/revisions\/242"}],"wp:attachment":[{"href":"https:\/\/www.diepartner.at\/cms\/de\/wp-json\/wp\/v2\/media?parent=227"}],"wp:term":[{"taxonomy":"category","embeddable":true,"href":"https:\/\/www.diepartner.at\/cms\/de\/wp-json\/wp\/v2\/categories?post=227"},{"taxonomy":"post_tag","embeddable":true,"href":"https:\/\/www.diepartner.at\/cms\/de\/wp-json\/wp\/v2\/tags?post=227"}],"curies":[{"name":"wp","href":"https:\/\/api.w.org\/{rel}","templated":true}]}}