{"id":180,"date":"2023-11-08T19:10:58","date_gmt":"2023-11-08T18:10:58","guid":{"rendered":"https:\/\/www.diepartner.at\/cms\/de\/?p=180"},"modified":"2023-11-09T20:38:28","modified_gmt":"2023-11-09T19:38:28","slug":"experten-workshop-zu-forschung-und-entwicklung-im-gesundheits-und-sozialwesen","status":"publish","type":"post","link":"https:\/\/www.diepartner.at\/cms\/de\/2023\/11\/08\/experten-workshop-zu-forschung-und-entwicklung-im-gesundheits-und-sozialwesen\/","title":{"rendered":"Experten-Workshop zu Forschung und Entwicklung im Gesundheits- und Sozialwesen"},"content":{"rendered":"\n<p>Im Rahmen eines im September 2023 von diepartner.at veranstalteten Experten-Workshops, werden Erfahrungen im Bereich: <strong>Forschung und Entwicklung im Gesundheits- und Sozialwesen<\/strong> geteilt.<\/p>\n\n\n\n<p>Seitens diepartner.at wird \u00fcber Erfahrungen aus vergangenen Forschungsprojekten, sowie einem sich aus den laufenden Reflexionen entwickelten &#8222;Ordnungsrahmen&#8220; berichtet. <\/p>\n\n\n\n<figure class=\"wp-block-image size-full\"><img loading=\"lazy\" decoding=\"async\" width=\"770\" height=\"530\" src=\"http:\/\/www.diepartner.at\/cms\/de\/wp-content\/uploads\/2023\/11\/dp_Portfolio_A.jpg\" alt=\"diepartner.at Ordnungsrahmen f\u00fcr Forschung und Entwicklung im Gesundheits- und Sozialwesen (2019)\" class=\"wp-image-181\" srcset=\"https:\/\/www.diepartner.at\/cms\/de\/wp-content\/uploads\/2023\/11\/dp_Portfolio_A.jpg 770w, https:\/\/www.diepartner.at\/cms\/de\/wp-content\/uploads\/2023\/11\/dp_Portfolio_A-300x206.jpg 300w, https:\/\/www.diepartner.at\/cms\/de\/wp-content\/uploads\/2023\/11\/dp_Portfolio_A-768x529.jpg 768w, https:\/\/www.diepartner.at\/cms\/de\/wp-content\/uploads\/2023\/11\/dp_Portfolio_A-600x413.jpg 600w\" sizes=\"auto, (max-width: 770px) 100vw, 770px\" \/><\/figure>\n\n\n\n<p class=\"has-extra-small-font-size\">Abbildung: diepartner.at Ordnungsrahmen f\u00fcr Forschung und Entwicklung im Gesundheits- und Sozialwesen (Harald Kviecien, 2019)<\/p>\n\n\n\n<p>Der &#8222;Ordnungsrahmen&#8220; teilt einige Arbeits- und Forschungsbereiche in denen diepartner.at im Rahmen von Forschungs- und Entwicklungsprojekten sowie Implementierungsprojekten aktiv geworden ist vertikal in drei Ebenen auf: 1. Arbeit an der Basis, 2. Projekte in Organisationen sowie 3. Implementierung neuer Modelle auf institutioneller Ebene. Flankierende Bereiche, die in der Arbeit von diepartner.at besondere Relevanz erlangt haben runden diesen &#8222;Ordnungsrahmen&#8220; ab: neue Medien zum einen und Evaluation zum anderen.<\/p>\n\n\n\n<p>Aus Sicht von diepartner.at ist es von erheblicher Bedeutung laufend &#8222;an der Basis&#8220; (aus Projektsicht: mit den Prim\u00e4ranwendern einer zu entwickelndnen Technik) zu arbeiten. Forschung im Rahmen von internationalen Projekten ist weiters strategisch an den drei Ebenen (Institution, Organisation, Mensch) zu orientieren. Im Gesundheits- und Sozialwesen sind zudem die unterschiedlichen Herkunftssysteme und Rollen der Akteure (aus Projektsicht: die Sekund\u00e4ranwender) sowie die stattfindenden Transitionen zu ber\u00fccksichtigen.<\/p>\n\n\n\n<p>Der Verfasser wollte in diesem Workshop nicht unerw\u00e4hnt lassen, dass in internationalen Forschungsprojekten die Wahl der passenden Partner von erheblicher Bedeutung ist. Insbesondere dankbar ist er f\u00fcr die Zusammenarbeit mit der legend\u00e4ren Kooperationsstelle Hamburg, welche schon fr\u00fch internationale Projekte geleitet und auch das Wissen dar\u00fcber geteilt hat (vgl. 2000 Autorenkollektiv).<\/p>\n\n\n\n<p class=\"has-extra-small-font-size\">(2000) Autorenkollektiv, Management internationaler Projekte, Ein Arbeitsbuch, Selbtsverlag, Saarbr\u00fccken, Hamburg, ISBN 3-928110-02-0<\/p>\n","protected":false},"excerpt":{"rendered":"<p>Im Rahmen eines im September 2023 von diepartner.at veranstalteten Experten-Workshops, werden Erfahrungen im Bereich: Forschung und Entwicklung im Gesundheits- und Sozialwesen geteilt. Seitens diepartner.at wird \u00fcber Erfahrungen aus vergangenen Forschungsprojekten, sowie einem sich aus den laufenden Reflexionen entwickelten &#8222;Ordnungsrahmen&#8220; berichtet. Abbildung: diepartner.at Ordnungsrahmen f\u00fcr Forschung und Entwicklung im Gesundheits- und Sozialwesen (Harald Kviecien, 2019) Der&hellip; <a class=\"more-link\" href=\"https:\/\/www.diepartner.at\/cms\/de\/2023\/11\/08\/experten-workshop-zu-forschung-und-entwicklung-im-gesundheits-und-sozialwesen\/\"><span class=\"screen-reader-text\">Experten-Workshop zu Forschung und Entwicklung im Gesundheits- und Sozialwesen<\/span> weiterlesen<\/a><\/p>\n","protected":false},"author":1,"featured_media":0,"comment_status":"open","ping_status":"open","sticky":false,"template":"","format":"standard","meta":{"footnotes":""},"categories":[7,45],"tags":[],"class_list":["post-180","post","type-post","status-publish","format-standard","hentry","category-events","category-fe","entry"],"_links":{"self":[{"href":"https:\/\/www.diepartner.at\/cms\/de\/wp-json\/wp\/v2\/posts\/180","targetHints":{"allow":["GET"]}}],"collection":[{"href":"https:\/\/www.diepartner.at\/cms\/de\/wp-json\/wp\/v2\/posts"}],"about":[{"href":"https:\/\/www.diepartner.at\/cms\/de\/wp-json\/wp\/v2\/types\/post"}],"author":[{"embeddable":true,"href":"https:\/\/www.diepartner.at\/cms\/de\/wp-json\/wp\/v2\/users\/1"}],"replies":[{"embeddable":true,"href":"https:\/\/www.diepartner.at\/cms\/de\/wp-json\/wp\/v2\/comments?post=180"}],"version-history":[{"count":6,"href":"https:\/\/www.diepartner.at\/cms\/de\/wp-json\/wp\/v2\/posts\/180\/revisions"}],"predecessor-version":[{"id":187,"href":"https:\/\/www.diepartner.at\/cms\/de\/wp-json\/wp\/v2\/posts\/180\/revisions\/187"}],"wp:attachment":[{"href":"https:\/\/www.diepartner.at\/cms\/de\/wp-json\/wp\/v2\/media?parent=180"}],"wp:term":[{"taxonomy":"category","embeddable":true,"href":"https:\/\/www.diepartner.at\/cms\/de\/wp-json\/wp\/v2\/categories?post=180"},{"taxonomy":"post_tag","embeddable":true,"href":"https:\/\/www.diepartner.at\/cms\/de\/wp-json\/wp\/v2\/tags?post=180"}],"curies":[{"name":"wp","href":"https:\/\/api.w.org\/{rel}","templated":true}]}}