{"id":149,"date":"2023-09-12T14:59:47","date_gmt":"2023-09-12T12:59:47","guid":{"rendered":"https:\/\/www.diepartner.at\/cms\/de\/?p=149"},"modified":"2023-09-12T15:08:36","modified_gmt":"2023-09-12T13:08:36","slug":"impuls-beruf-pflege-vereinbaren","status":"publish","type":"post","link":"https:\/\/www.diepartner.at\/cms\/de\/2023\/09\/12\/impuls-beruf-pflege-vereinbaren\/","title":{"rendered":"Impuls \u201eBeruf &amp; Pflege &#8211; vereinbaren\u201c"},"content":{"rendered":"\n<p>Die demografische Ver\u00e4nderung hat zur Folge, dass immer h\u00e4ufiger Berufst\u00e4tigkeit und die Pflege von Familienangeh\u00f6rigen miteinander vereinbart werden m\u00fcssen. Mitarbeiter stehen mitunter vor der Situation, dass nahe Angeh\u00f6rige pl\u00f6tzlich einen Pflege- und Betreuungsbedarf aufweisen und ein Unterst\u00fctzungsnetzwerk aufgebaut werden muss.<\/p>\n\n\n\n<p>Ein von diepartner.at entwickeltes Konzept begleitet Organisationen dabei, Strukturen aufzubauen um Mitarbeiter bei dieser Aufgabe zu unterst\u00fctzen. Im Sinne eines \u201efamilienfreundlichen Unternehmens\u201c, welches sich f\u00fcr die Vereinbarkeit von Familie und Beruf verantwortlich sieht, stellt dies eine Aufgabe des betrieblichen Gesundheitsmanagements (BGM) dar.<\/p>\n\n\n\n<p>Ein Baustein dieses Konzepts ist der Impuls: \u201eBeruf &amp; Pflege \u2013 vereinbaren\u201c. Der Impuls (lernorientierte Einf\u00fchrung in ein Thema bzw. eine Problemstellung) richtet sich an Unternehmen, die sich \u00fcber den derzeitigen Diskussionsstand zum Thema: &#8222;Vereinbarkeit von Erwerbst\u00e4tigkeit und Pflege&#8220; und die damit verbundenen Herausforderungen informieren, Chancen und Risiken von betrieblichen Unterst\u00fctzungsma\u00dfnahmen analysieren, sowie Wege zur Realisierung betrieblicher Ma\u00dfnahmen entwickeln wollen.<\/p>\n\n\n\n<p>Der Impuls gliedert sich dabei optional in ein Seminar f\u00fcr F\u00fchrungskr\u00e4fte sowie f\u00fcr ein Seminar f\u00fcr Mitarbeiterinnen und Mitarbeiter.<\/p>\n\n\n\n<p>Die pers\u00f6nlich betroffenen oder interessierten Mitarbeiterinnen und Mitarbeiter erhalten Informationen rund um die Organisation der Pflege &amp; Betreuung zu Hause und gewinnen Sicherheit im Umgang mit dem Thema Pflege.<\/p>\n","protected":false},"excerpt":{"rendered":"<p>Die demografische Ver\u00e4nderung hat zur Folge, dass immer h\u00e4ufiger Berufst\u00e4tigkeit und die Pflege von Familienangeh\u00f6rigen miteinander vereinbart werden m\u00fcssen. Mitarbeiter stehen mitunter vor der Situation, dass nahe Angeh\u00f6rige pl\u00f6tzlich einen Pflege- und Betreuungsbedarf aufweisen und ein Unterst\u00fctzungsnetzwerk aufgebaut werden muss. Ein von diepartner.at entwickeltes Konzept begleitet Organisationen dabei, Strukturen aufzubauen um Mitarbeiter bei dieser Aufgabe&hellip; <a class=\"more-link\" href=\"https:\/\/www.diepartner.at\/cms\/de\/2023\/09\/12\/impuls-beruf-pflege-vereinbaren\/\"><span class=\"screen-reader-text\">Impuls \u201eBeruf &amp; Pflege &#8211; vereinbaren\u201c<\/span> weiterlesen<\/a><\/p>\n","protected":false},"author":1,"featured_media":0,"comment_status":"open","ping_status":"open","sticky":false,"template":"","format":"standard","meta":{"footnotes":""},"categories":[32,38],"tags":[39],"class_list":["post-149","post","type-post","status-publish","format-standard","hentry","category-ansaetze","category-impuls","tag-bgm","entry"],"_links":{"self":[{"href":"https:\/\/www.diepartner.at\/cms\/de\/wp-json\/wp\/v2\/posts\/149","targetHints":{"allow":["GET"]}}],"collection":[{"href":"https:\/\/www.diepartner.at\/cms\/de\/wp-json\/wp\/v2\/posts"}],"about":[{"href":"https:\/\/www.diepartner.at\/cms\/de\/wp-json\/wp\/v2\/types\/post"}],"author":[{"embeddable":true,"href":"https:\/\/www.diepartner.at\/cms\/de\/wp-json\/wp\/v2\/users\/1"}],"replies":[{"embeddable":true,"href":"https:\/\/www.diepartner.at\/cms\/de\/wp-json\/wp\/v2\/comments?post=149"}],"version-history":[{"count":1,"href":"https:\/\/www.diepartner.at\/cms\/de\/wp-json\/wp\/v2\/posts\/149\/revisions"}],"predecessor-version":[{"id":150,"href":"https:\/\/www.diepartner.at\/cms\/de\/wp-json\/wp\/v2\/posts\/149\/revisions\/150"}],"wp:attachment":[{"href":"https:\/\/www.diepartner.at\/cms\/de\/wp-json\/wp\/v2\/media?parent=149"}],"wp:term":[{"taxonomy":"category","embeddable":true,"href":"https:\/\/www.diepartner.at\/cms\/de\/wp-json\/wp\/v2\/categories?post=149"},{"taxonomy":"post_tag","embeddable":true,"href":"https:\/\/www.diepartner.at\/cms\/de\/wp-json\/wp\/v2\/tags?post=149"}],"curies":[{"name":"wp","href":"https:\/\/api.w.org\/{rel}","templated":true}]}}