{"id":133,"date":"2023-08-05T15:18:46","date_gmt":"2023-08-05T13:18:46","guid":{"rendered":"https:\/\/www.diepartner.at\/cms\/de\/?p=133"},"modified":"2023-09-11T15:21:59","modified_gmt":"2023-09-11T13:21:59","slug":"integriertes-lernen-zur-implementierung-nachhaltigkeit-gfa-kongress-2023","status":"publish","type":"post","link":"https:\/\/www.diepartner.at\/cms\/de\/2023\/08\/05\/integriertes-lernen-zur-implementierung-nachhaltigkeit-gfa-kongress-2023\/","title":{"rendered":"Integriertes Lernen zur Implementierung &#8230; Nachhaltigkeit &#8230; @ GfA Kongress 2023"},"content":{"rendered":"\n<p>Am 69. Fr\u00fchjahrskongress der Gesellschaft f\u00fcr Arbeitswissenschaft (GfA) stellt Harald Kviecien den Ansatz: <strong>\u201eIntegriertes Lernen zur Implementierung neuer Modelle der Nachhaltigkeit im Gesundheits- und Sozialwesen\u201c<\/strong> vor.<\/p>\n\n\n\n<p>In Pflegeorganisationen herrscht Bedarf, mit den Transformationsprozessen im Gesundheits- und Sozialwesen gestaltend umzugehen. Der vorgestellte Ansatzes des integrierten Lernens dient dazu, neue Modelle der Pflege zu implementieren. Zentral ist dabei das Ziel der Mitgestaltung der Klienten an ihrer eigenen Gesundheit. Folgende Elemente des Ansatzes werden in diesem Beitrag behandelt: Ein neu eingef\u00fchrter Lehrgang f\u00fcr die mobile Pflege (beh\u00f6rdlich zertifizierte Weiterbildung), Komponenten f\u00fcr das virtuelle Lernen und Erstellen von digitalen Inhalten sowie ein Ansatz zum Lernen bei der Arbeit aus dem Arbeits- und Gesundheitsschutz (AGS).<\/p>\n\n\n\n<p>Der Ansatz gliedert sich in zwei Teile: Erstens dem (arbeits-)integrierten Lernen in der mobilen Pflege, bestehend aus Lernarrangements, methodischen Elementen, wie insbesondere der Fallarbeit sowie der technischen Infrastruktur; Zweitens dem integrierten Lernen im AGS, im wesentlichen aus dem Blickwinkel der Intervention in eine Organisation und dem, im Zuge einer solchen initiierten Lernen am Arbeitsplatz.<\/p>\n\n\n\n<p>Teil des Ansatzes ist der Lehrgang: \u201ebasales und mittleres Pflegemanagement\u201c. Die Bildung von F\u00fchrungskr\u00e4ften kann als ein wesentlicher Angelpunkt bei der Implementierung neuer Modelle angesehen werden.<\/p>\n\n\n\n<p>Nachhaltigkeit bezieht sich in diesem Beitrag insbesondere auf die andauernde Wirksamkeit von Pflege \u2013 auch in Bezug auf die Gesunderhaltung der Pflegekr\u00e4fte.<\/p>\n\n\n\n<p>69. Fr\u00fchjahrskongress der Gesellschaft f\u00fcr Arbeitswissenschaft (GfA)<br>01.-03.03.2023<br><a href=\"http:\/\/www.gfa2023.de\">www.gfa2023.de<\/a><\/p>\n","protected":false},"excerpt":{"rendered":"<p>Am 69. Fr\u00fchjahrskongress der Gesellschaft f\u00fcr Arbeitswissenschaft (GfA) stellt Harald Kviecien den Ansatz: \u201eIntegriertes Lernen zur Implementierung neuer Modelle der Nachhaltigkeit im Gesundheits- und Sozialwesen\u201c vor. In Pflegeorganisationen herrscht Bedarf, mit den Transformationsprozessen im Gesundheits- und Sozialwesen gestaltend umzugehen. Der vorgestellte Ansatzes des integrierten Lernens dient dazu, neue Modelle der Pflege zu implementieren. Zentral ist&hellip; <a class=\"more-link\" href=\"https:\/\/www.diepartner.at\/cms\/de\/2023\/08\/05\/integriertes-lernen-zur-implementierung-nachhaltigkeit-gfa-kongress-2023\/\"><span class=\"screen-reader-text\">Integriertes Lernen zur Implementierung &#8230; Nachhaltigkeit &#8230; @ GfA Kongress 2023<\/span> weiterlesen<\/a><\/p>\n","protected":false},"author":5,"featured_media":0,"comment_status":"open","ping_status":"open","sticky":false,"template":"","format":"standard","meta":{"footnotes":""},"categories":[32,7],"tags":[30,12,31,37,35,36],"class_list":["post-133","post","type-post","status-publish","format-standard","hentry","category-ansaetze","category-events","tag-arbeitsintegriert","tag-fuehrung","tag-integriertes_lernen","tag-management","tag-pflegemodell","tag-virtuelles-lernen","entry"],"_links":{"self":[{"href":"https:\/\/www.diepartner.at\/cms\/de\/wp-json\/wp\/v2\/posts\/133","targetHints":{"allow":["GET"]}}],"collection":[{"href":"https:\/\/www.diepartner.at\/cms\/de\/wp-json\/wp\/v2\/posts"}],"about":[{"href":"https:\/\/www.diepartner.at\/cms\/de\/wp-json\/wp\/v2\/types\/post"}],"author":[{"embeddable":true,"href":"https:\/\/www.diepartner.at\/cms\/de\/wp-json\/wp\/v2\/users\/5"}],"replies":[{"embeddable":true,"href":"https:\/\/www.diepartner.at\/cms\/de\/wp-json\/wp\/v2\/comments?post=133"}],"version-history":[{"count":3,"href":"https:\/\/www.diepartner.at\/cms\/de\/wp-json\/wp\/v2\/posts\/133\/revisions"}],"predecessor-version":[{"id":143,"href":"https:\/\/www.diepartner.at\/cms\/de\/wp-json\/wp\/v2\/posts\/133\/revisions\/143"}],"wp:attachment":[{"href":"https:\/\/www.diepartner.at\/cms\/de\/wp-json\/wp\/v2\/media?parent=133"}],"wp:term":[{"taxonomy":"category","embeddable":true,"href":"https:\/\/www.diepartner.at\/cms\/de\/wp-json\/wp\/v2\/categories?post=133"},{"taxonomy":"post_tag","embeddable":true,"href":"https:\/\/www.diepartner.at\/cms\/de\/wp-json\/wp\/v2\/tags?post=133"}],"curies":[{"name":"wp","href":"https:\/\/api.w.org\/{rel}","templated":true}]}}