{"id":113,"date":"2023-03-16T12:49:07","date_gmt":"2023-03-16T11:49:07","guid":{"rendered":"http:\/\/www.diepartner.at\/cms\/de\/?p=113"},"modified":"2023-09-09T14:20:31","modified_gmt":"2023-09-09T12:20:31","slug":"weiterbildung-praxisanleitung-rueckblick-block-1","status":"publish","type":"post","link":"https:\/\/www.diepartner.at\/cms\/de\/2023\/03\/16\/weiterbildung-praxisanleitung-rueckblick-block-1\/","title":{"rendered":"Weiterbildung \u201ePraxisanleitung\u201c \u2013 R\u00fcckblick Block 1"},"content":{"rendered":"\n<p>Im ersten Block der Weiterbildung zum\/zur Praxisanleiter*in haben sich die Lehrgangsteilnehmer*innen intensiv mit ihrem Rollenverst\u00e4ndnis auseinandergesetzt und ihr pers\u00f6nliches Pflegeverst\u00e4ndnis unter Ber\u00fccksichtigung des <a href=\"https:\/\/oegkv.at\/berufsverband\/netzwerke\/internationale-netzwerke\/\" data-type=\"URL\" data-id=\"https:\/\/oegkv.at\/berufsverband\/netzwerke\/internationale-netzwerke\/\">ICN-Ethik-Kodex (#OEGKV)<\/a> reflektiert. Einen weiteren Themenschwerpunkt des ersten Block bildete die Einf\u00fchrung in die bildungstheoretischen und berufsp\u00e4dagogischen Grundlagen durch den erfahrenen P\u00e4dagogen Dr. Hannes Meyer.<\/p>\n\n\n\n<p>Unter anderem wurde er\u00f6rtert, dass ohne gezielte Praxisanleitung eine qualitativ hochwertige berufspraktische Anleitung sowie der Erwerb von pflegerischer- und beruflicher Handlungskompetenz nicht m\u00f6glich sind.<\/p>\n\n\n\n<p>Im zweiten Block werden sich die Lehrgangsteilnehmer*innen mit den aktuellen Entwicklungen und Trends sowie mit den unterschiedlichen Ausbildungen im Gesundheits- und Sozialwesen auseinandersetzen. Ich freue mich als Vortragende diesmal unter anderem Karoline Rieder (<a href=\"https:\/\/oegkv.at\/berufsverband\/landesverbaende\/steiermark\/\" data-type=\"URL\" data-id=\"https:\/\/oegkv.at\/berufsverband\/landesverbaende\/steiermark\/\">OEGKV-Steiermark<\/a>) begr\u00fc\u00dfen zu d\u00fcrfen.<\/p>\n\n\n\n<figure class=\"wp-block-image size-large\"><img loading=\"lazy\" decoding=\"async\" width=\"1024\" height=\"1024\" src=\"http:\/\/www.diepartner.at\/cms\/de\/wp-content\/uploads\/2023\/03\/Praxisanleitung_Bild-1024x1024.jpg\" alt=\"\" class=\"wp-image-114\" srcset=\"https:\/\/www.diepartner.at\/cms\/de\/wp-content\/uploads\/2023\/03\/Praxisanleitung_Bild-1024x1024.jpg 1024w, https:\/\/www.diepartner.at\/cms\/de\/wp-content\/uploads\/2023\/03\/Praxisanleitung_Bild-300x300.jpg 300w, https:\/\/www.diepartner.at\/cms\/de\/wp-content\/uploads\/2023\/03\/Praxisanleitung_Bild-150x150.jpg 150w, https:\/\/www.diepartner.at\/cms\/de\/wp-content\/uploads\/2023\/03\/Praxisanleitung_Bild-768x768.jpg 768w, https:\/\/www.diepartner.at\/cms\/de\/wp-content\/uploads\/2023\/03\/Praxisanleitung_Bild-1536x1536.jpg 1536w, https:\/\/www.diepartner.at\/cms\/de\/wp-content\/uploads\/2023\/03\/Praxisanleitung_Bild-2048x2048.jpg 2048w, https:\/\/www.diepartner.at\/cms\/de\/wp-content\/uploads\/2023\/03\/Praxisanleitung_Bild-1568x1568.jpg 1568w\" sizes=\"auto, (max-width: 1024px) 100vw, 1024px\" \/><\/figure>\n","protected":false},"excerpt":{"rendered":"<p>Im ersten Block der Weiterbildung zum\/zur Praxisanleiter*in haben sich die Lehrgangsteilnehmer*innen intensiv mit ihrem Rollenverst\u00e4ndnis auseinandergesetzt und ihr pers\u00f6nliches Pflegeverst\u00e4ndnis unter Ber\u00fccksichtigung des ICN-Ethik-Kodex (#OEGKV) reflektiert. Einen weiteren Themenschwerpunkt des ersten Block bildete die Einf\u00fchrung in die bildungstheoretischen und berufsp\u00e4dagogischen Grundlagen durch den erfahrenen P\u00e4dagogen Dr. Hannes Meyer. Unter anderem wurde er\u00f6rtert, dass ohne gezielte&hellip; <a class=\"more-link\" href=\"https:\/\/www.diepartner.at\/cms\/de\/2023\/03\/16\/weiterbildung-praxisanleitung-rueckblick-block-1\/\"><span class=\"screen-reader-text\">Weiterbildung \u201ePraxisanleitung\u201c \u2013 R\u00fcckblick Block 1<\/span> weiterlesen<\/a><\/p>\n","protected":false},"author":2,"featured_media":0,"comment_status":"open","ping_status":"open","sticky":false,"template":"","format":"standard","meta":{"footnotes":""},"categories":[10],"tags":[],"class_list":["post-113","post","type-post","status-publish","format-standard","hentry","category-weiterbildung","entry"],"_links":{"self":[{"href":"https:\/\/www.diepartner.at\/cms\/de\/wp-json\/wp\/v2\/posts\/113","targetHints":{"allow":["GET"]}}],"collection":[{"href":"https:\/\/www.diepartner.at\/cms\/de\/wp-json\/wp\/v2\/posts"}],"about":[{"href":"https:\/\/www.diepartner.at\/cms\/de\/wp-json\/wp\/v2\/types\/post"}],"author":[{"embeddable":true,"href":"https:\/\/www.diepartner.at\/cms\/de\/wp-json\/wp\/v2\/users\/2"}],"replies":[{"embeddable":true,"href":"https:\/\/www.diepartner.at\/cms\/de\/wp-json\/wp\/v2\/comments?post=113"}],"version-history":[{"count":2,"href":"https:\/\/www.diepartner.at\/cms\/de\/wp-json\/wp\/v2\/posts\/113\/revisions"}],"predecessor-version":[{"id":116,"href":"https:\/\/www.diepartner.at\/cms\/de\/wp-json\/wp\/v2\/posts\/113\/revisions\/116"}],"wp:attachment":[{"href":"https:\/\/www.diepartner.at\/cms\/de\/wp-json\/wp\/v2\/media?parent=113"}],"wp:term":[{"taxonomy":"category","embeddable":true,"href":"https:\/\/www.diepartner.at\/cms\/de\/wp-json\/wp\/v2\/categories?post=113"},{"taxonomy":"post_tag","embeddable":true,"href":"https:\/\/www.diepartner.at\/cms\/de\/wp-json\/wp\/v2\/tags?post=113"}],"curies":[{"name":"wp","href":"https:\/\/api.w.org\/{rel}","templated":true}]}}