{"id":105,"date":"2022-11-24T14:48:31","date_gmt":"2022-11-24T13:48:31","guid":{"rendered":"http:\/\/www.diepartner.at\/cms\/de\/?p=105"},"modified":"2025-12-22T13:24:38","modified_gmt":"2025-12-22T12:24:38","slug":"bmpm","status":"publish","type":"post","link":"https:\/\/www.diepartner.at\/cms\/de\/2022\/11\/24\/bmpm\/","title":{"rendered":"Weiterbildung: Basales &#038; mittleres Pflegemanagement (BMPM) nach \u00a764 GuKG"},"content":{"rendered":"\n<p>Mitarbeiter*innen im basalen und mittleren Pflegemanagement sind Bindeglied zwischen strategischer Spitze und operativem Kern eines Unternehmens. Sie \u00fcbernehmen sowohl Fach-, Management-, als auch F\u00fchrungsaufgaben. Im Rahmen der Weiterbildung &#8222;Basales und mittleres Pflegemanagement&#8220; werden die erforderlichen F\u00fchrungskompetenzen aufgebaut und gest\u00e4rkt.<\/p>\n\n\n\n<p><strong>Anmeldung:<\/strong><\/p>\n\n\n\n<p><a href=\"https:\/\/www.diepartner.at\/cms\/de\/anmeldung-zum-kurs\/?subject=BMPM_[10.2026]\">Termin 12. Oktober 2026 bis 29. Juni 2027<\/a><\/p>\n\n\n\n<div class=\"wp-block-columns is-layout-flex wp-container-core-columns-is-layout-9d6595d7 wp-block-columns-is-layout-flex\">\n<div class=\"wp-block-column is-layout-flow wp-block-column-is-layout-flow\" style=\"flex-basis:50%\">\n<p><strong>Unser n\u00e4chster Weiterbildungslehrgang<br>&#8222;BMPM&#8220;<\/strong>:<\/p>\n<\/div>\n\n\n\n<div class=\"wp-block-column is-layout-flow wp-block-column-is-layout-flow\" style=\"flex-basis:50%\">\n<div class=\"wp-block-columns is-layout-flex wp-container-core-columns-is-layout-9d6595d7 wp-block-columns-is-layout-flex\">\n<div class=\"wp-block-column is-layout-flow wp-block-column-is-layout-flow\">\n<p>Oktober 2026<\/p>\n<\/div>\n<\/div>\n<\/div>\n<\/div>\n\n\n\n<div class=\"wp-block-columns is-layout-flex wp-container-core-columns-is-layout-9d6595d7 wp-block-columns-is-layout-flex\">\n<div class=\"wp-block-column is-layout-flow wp-block-column-is-layout-flow\">\n<p><strong>Zielgruppe:&nbsp;&nbsp;<\/strong><\/p>\n<\/div>\n\n\n\n<div class=\"wp-block-column is-layout-flow wp-block-column-is-layout-flow\">\n<p>Diplomierte Gesundheits- und Krankenpflegepersonen in einem Dienstverh\u00e4ltnis mit mind. zwei Jahren Berufserfahrung.<\/p>\n<\/div>\n<\/div>\n\n\n\n<div class=\"wp-block-columns is-layout-flex wp-container-core-columns-is-layout-9d6595d7 wp-block-columns-is-layout-flex\">\n<div class=\"wp-block-column is-layout-flow wp-block-column-is-layout-flow\">\n<p><strong>Ziel:&nbsp;&nbsp;<\/strong><\/p>\n<\/div>\n\n\n\n<div class=\"wp-block-column is-layout-flow wp-block-column-is-layout-flow\">\n<p>Im Rahmen der Weiterbildung werden Sie dazu bef\u00e4higt, F\u00fchrungsaufgaben im &#8222;Basalen und mittleren Pflegemanagement&#8220;, unter Ber\u00fccksichtigung aktueller rechtlicher sowie \u00f6konomischer Rahmenbedingungen, wahrzunehmen.<\/p>\n<\/div>\n<\/div>\n\n\n\n<div class=\"wp-block-columns is-layout-flex wp-container-core-columns-is-layout-9d6595d7 wp-block-columns-is-layout-flex\">\n<div class=\"wp-block-column is-layout-flow wp-block-column-is-layout-flow\">\n<p><strong>Zeugnis &amp; Abschluss (gem\u00e4\u00df \u00a7 64 GuKG):&nbsp;&nbsp;<\/strong><\/p>\n<\/div>\n\n\n\n<div class=\"wp-block-column is-layout-flow wp-block-column-is-layout-flow\">\n<p>Nach erfolgtem Abschuss der Weiterbildung erhalten Diplomierte Gesundheits- und Krankenpflegepersonen ein Zeugnis gem\u00e4\u00df der Rechtsvorschrift f\u00fcr Gesundheits- und Krankenpflege &#8211; Weiterbildungsverordnung.<\/p>\n<\/div>\n<\/div>\n\n\n\n<div class=\"wp-block-columns is-layout-flex wp-container-core-columns-is-layout-9d6595d7 wp-block-columns-is-layout-flex\">\n<div class=\"wp-block-column is-layout-flow wp-block-column-is-layout-flow\">\n<p><strong>Lernformat:&nbsp;&nbsp;<\/strong><\/p>\n<\/div>\n\n\n\n<div class=\"wp-block-column is-layout-flow wp-block-column-is-layout-flow\">\n<p>Kombination aus Pr\u00e4senz- &amp; Onlinephasen<\/p>\n<\/div>\n<\/div>\n\n\n\n<div data-wp-interactive=\"core\/file\" class=\"wp-block-file\"><object data-wp-bind--hidden=\"!state.hasPdfPreview\" hidden class=\"wp-block-file__embed\" data=\"https:\/\/www.diepartner.at\/cms\/de\/wp-content\/uploads\/2022\/11\/BMPM_2026-2027.pdf\" type=\"application\/pdf\" style=\"width:100%;height:600px\" aria-label=\"Einbettung von BMPM_2026-2027.\"><\/object><a id=\"wp-block-file--media-ba87f07a-6c46-4ff4-8bcd-2ff7e93e9d82\" href=\"https:\/\/www.diepartner.at\/cms\/de\/wp-content\/uploads\/2022\/11\/BMPM_2026-2027.pdf\">BMPM_2026-2027<\/a><a href=\"https:\/\/www.diepartner.at\/cms\/de\/wp-content\/uploads\/2022\/11\/BMPM_2026-2027.pdf\" class=\"wp-block-file__button wp-element-button\" download aria-describedby=\"wp-block-file--media-ba87f07a-6c46-4ff4-8bcd-2ff7e93e9d82\">Herunterladen<\/a><\/div>\n","protected":false},"excerpt":{"rendered":"<p>Mitarbeiter*innen im basalen und mittleren Pflegemanagement sind Bindeglied zwischen strategischer Spitze und operativem Kern eines Unternehmens. Sie \u00fcbernehmen sowohl Fach-, Management-, als auch F\u00fchrungsaufgaben. Im Rahmen der Weiterbildung &#8222;Basales und mittleres Pflegemanagement&#8220; werden die erforderlichen F\u00fchrungskompetenzen aufgebaut und gest\u00e4rkt. Anmeldung: Termin 12. Oktober 2026 bis 29. Juni 2027 Unser n\u00e4chster Weiterbildungslehrgang&#8222;BMPM&#8220;: Oktober 2026 Zielgruppe:&nbsp;&nbsp; Diplomierte&hellip; <a class=\"more-link\" href=\"https:\/\/www.diepartner.at\/cms\/de\/2022\/11\/24\/bmpm\/\"><span class=\"screen-reader-text\">Weiterbildung: Basales &#038; mittleres Pflegemanagement (BMPM) nach \u00a764 GuKG<\/span> weiterlesen<\/a><\/p>\n","protected":false},"author":1,"featured_media":0,"comment_status":"open","ping_status":"open","sticky":false,"template":"","format":"standard","meta":{"footnotes":""},"categories":[6,10],"tags":[11,12,8],"class_list":["post-105","post","type-post","status-publish","format-standard","hentry","category-management","category-weiterbildung","tag-bildung","tag-fuehrung","tag-pflegemanagement","entry"],"_links":{"self":[{"href":"https:\/\/www.diepartner.at\/cms\/de\/wp-json\/wp\/v2\/posts\/105","targetHints":{"allow":["GET"]}}],"collection":[{"href":"https:\/\/www.diepartner.at\/cms\/de\/wp-json\/wp\/v2\/posts"}],"about":[{"href":"https:\/\/www.diepartner.at\/cms\/de\/wp-json\/wp\/v2\/types\/post"}],"author":[{"embeddable":true,"href":"https:\/\/www.diepartner.at\/cms\/de\/wp-json\/wp\/v2\/users\/1"}],"replies":[{"embeddable":true,"href":"https:\/\/www.diepartner.at\/cms\/de\/wp-json\/wp\/v2\/comments?post=105"}],"version-history":[{"count":13,"href":"https:\/\/www.diepartner.at\/cms\/de\/wp-json\/wp\/v2\/posts\/105\/revisions"}],"predecessor-version":[{"id":382,"href":"https:\/\/www.diepartner.at\/cms\/de\/wp-json\/wp\/v2\/posts\/105\/revisions\/382"}],"wp:attachment":[{"href":"https:\/\/www.diepartner.at\/cms\/de\/wp-json\/wp\/v2\/media?parent=105"}],"wp:term":[{"taxonomy":"category","embeddable":true,"href":"https:\/\/www.diepartner.at\/cms\/de\/wp-json\/wp\/v2\/categories?post=105"},{"taxonomy":"post_tag","embeddable":true,"href":"https:\/\/www.diepartner.at\/cms\/de\/wp-json\/wp\/v2\/tags?post=105"}],"curies":[{"name":"wp","href":"https:\/\/api.w.org\/{rel}","templated":true}]}}