{"id":1,"date":"2021-09-23T15:00:43","date_gmt":"2021-09-23T13:00:43","guid":{"rendered":"http:\/\/www.diepartner.at\/cms\/de\/?p=1"},"modified":"2025-12-22T13:10:28","modified_gmt":"2025-12-22T12:10:28","slug":"prax-an","status":"publish","type":"post","link":"https:\/\/www.diepartner.at\/cms\/de\/2021\/09\/23\/prax-an\/","title":{"rendered":"Weiterbildung &#8222;Praxisanleitung&#8220; nach \u00a764 &#038; \u00a7104a GuKG"},"content":{"rendered":"\n<p>Der Weiterbildungslehrgang &#8222;Praxisanleitung&#8220; richtet sich an:<\/p>\n\n\n\n<ul class=\"wp-block-list\">\n<li><strong>Diplomierte Gesundheits- und Krankenpflegepersonen<\/strong><\/li>\n\n\n\n<li><strong>Pflegeassistenzberufe<\/strong><\/li>\n\n\n\n<li><strong>Diplom- und Sozialfachbetreuer*innen<\/strong><\/li>\n\n\n\n<li><strong>Medizinische Assistenzberufe<\/strong><\/li>\n\n\n\n<li><strong>sowie andere nicht\u00e4rztliche Gesundheitsberufe<\/strong><\/li>\n<\/ul>\n\n\n\n<p>Auf Grundlage aktueller lernpsychologischer, bildungs- und kommuniktions- sowie pflegewissenschaftlicher Theorien und Modelle werden die Teilnehmer*innen bef\u00e4higt Lehr-, Lernprozesse von Auszubildenen im Rahmen ihrer praktischen Ausbildung zu unterst\u00fctzen.<\/p>\n\n\n\n<p><strong>Anmeldung <\/strong><\/p>\n\n\n\n<p><a href=\"https:\/\/www.diepartner.at\/cms\/de\/anmeldung-zum-kurs\/?subject=Praxisanleitung_[05.2026]\">Termin 4. Mai 2026 bis 23. Oktober 2026<\/a><\/p>\n\n\n\n<div class=\"wp-block-columns is-layout-flex wp-container-core-columns-is-layout-9d6595d7 wp-block-columns-is-layout-flex\">\n<div class=\"wp-block-column is-layout-flow wp-block-column-is-layout-flow\" style=\"flex-basis:50%\">\n<p><strong>Unser n\u00e4chster Weiterbildungslehrgang<br>&#8222;Praxisanleitung&#8220; beginnt im<\/strong>:<\/p>\n<\/div>\n\n\n\n<div class=\"wp-block-column is-layout-flow wp-block-column-is-layout-flow\" style=\"flex-basis:50%\">\n<div class=\"wp-block-columns is-layout-flex wp-container-core-columns-is-layout-9d6595d7 wp-block-columns-is-layout-flex\">\n<div class=\"wp-block-column is-layout-flow wp-block-column-is-layout-flow\">\n<p>Mai 2026<\/p>\n<\/div>\n<\/div>\n<\/div>\n<\/div>\n\n\n\n<div class=\"wp-block-columns is-layout-flex wp-container-core-columns-is-layout-9d6595d7 wp-block-columns-is-layout-flex\">\n<div class=\"wp-block-column is-layout-flow wp-block-column-is-layout-flow\">\n<p><strong>Lernformat:&nbsp;&nbsp;<\/strong><\/p>\n<\/div>\n\n\n\n<div class=\"wp-block-column is-layout-flow wp-block-column-is-layout-flow\">\n<p>Kombination aus &#8222;Pr\u00e4senz- &amp; Onlinephasen&#8220;<\/p>\n<\/div>\n<\/div>\n\n\n\n<div class=\"wp-block-columns is-layout-flex wp-container-core-columns-is-layout-9d6595d7 wp-block-columns-is-layout-flex\">\n<div class=\"wp-block-column is-layout-flow wp-block-column-is-layout-flow\">\n<p><strong>Abschluss<\/strong>:<\/p>\n<\/div>\n\n\n\n<div class=\"wp-block-column is-layout-flow wp-block-column-is-layout-flow\">\n<p>gem\u00e4\u00df den Vorgaben nach \u00a764 und \u00a7104a GuKG<br>(Die Weiterbildung&nbsp;ist gem\u00e4\u00df \u00a764 und \u00a7104a GuKG Gesundheits- und Krankenpflegegesetz vom Amt der Wiener Landesregierung, Magistratsabteilung 40, Soziales, Sozial- und Gesundheitsrecht &amp; Aufsicht Fachgruppe Gesundheitsrecht per Bescheid anerkannt.)<br><br>Pflegeassistent*innen und andere Berufsgruppen erhalten ein Fortbildungszertifikat.<\/p>\n<\/div>\n<\/div>\n\n\n\n<p><strong>Brosch\u00fcre<\/strong><\/p>\n\n\n\n<div data-wp-interactive=\"core\/file\" class=\"wp-block-file\"><object data-wp-bind--hidden=\"!state.hasPdfPreview\" hidden class=\"wp-block-file__embed\" data=\"https:\/\/www.diepartner.at\/cms\/de\/wp-content\/uploads\/2021\/09\/dp_Praxisanleitung-2026-LG1.pdf\" type=\"application\/pdf\" style=\"width:100%;height:600px\" aria-label=\"Einbettung von dp_Praxisanleitung (2026-LG1).\"><\/object><a id=\"wp-block-file--media-99f6ddc6-6fc5-4f79-bed2-7a981b514521\" href=\"https:\/\/www.diepartner.at\/cms\/de\/wp-content\/uploads\/2021\/09\/dp_Praxisanleitung-2026-LG1.pdf\">dp_Praxisanleitung (2026-LG1)<\/a><a href=\"https:\/\/www.diepartner.at\/cms\/de\/wp-content\/uploads\/2021\/09\/dp_Praxisanleitung-2026-LG1.pdf\" class=\"wp-block-file__button wp-element-button\" download aria-describedby=\"wp-block-file--media-99f6ddc6-6fc5-4f79-bed2-7a981b514521\">Herunterladen<\/a><\/div>\n\n\n\n<p><strong>Kontakt: <\/strong><br>Mag. Gabriela Messner, DGKP<br>gabriela.messner@diepartner.at<br>mob +43-664-5037580<\/p>\n","protected":false},"excerpt":{"rendered":"<p>Der Weiterbildungslehrgang &#8222;Praxisanleitung&#8220; richtet sich an: Auf Grundlage aktueller lernpsychologischer, bildungs- und kommuniktions- sowie pflegewissenschaftlicher Theorien und Modelle werden die Teilnehmer*innen bef\u00e4higt Lehr-, Lernprozesse von Auszubildenen im Rahmen ihrer praktischen Ausbildung zu unterst\u00fctzen. Anmeldung Termin 4. Mai 2026 bis 23. Oktober 2026 Unser n\u00e4chster Weiterbildungslehrgang&#8222;Praxisanleitung&#8220; beginnt im: Mai 2026 Lernformat:&nbsp;&nbsp; Kombination aus &#8222;Pr\u00e4senz- &amp; Onlinephasen&#8220;&hellip; <a class=\"more-link\" href=\"https:\/\/www.diepartner.at\/cms\/de\/2021\/09\/23\/prax-an\/\"><span class=\"screen-reader-text\">Weiterbildung &#8222;Praxisanleitung&#8220; nach \u00a764 &#038; \u00a7104a GuKG<\/span> weiterlesen<\/a><\/p>\n","protected":false},"author":1,"featured_media":0,"comment_status":"open","ping_status":"open","sticky":false,"template":"","format":"standard","meta":{"footnotes":""},"categories":[10],"tags":[11,13],"class_list":["post-1","post","type-post","status-publish","format-standard","hentry","category-weiterbildung","tag-bildung","tag-praxisanleitung","entry"],"_links":{"self":[{"href":"https:\/\/www.diepartner.at\/cms\/de\/wp-json\/wp\/v2\/posts\/1","targetHints":{"allow":["GET"]}}],"collection":[{"href":"https:\/\/www.diepartner.at\/cms\/de\/wp-json\/wp\/v2\/posts"}],"about":[{"href":"https:\/\/www.diepartner.at\/cms\/de\/wp-json\/wp\/v2\/types\/post"}],"author":[{"embeddable":true,"href":"https:\/\/www.diepartner.at\/cms\/de\/wp-json\/wp\/v2\/users\/1"}],"replies":[{"embeddable":true,"href":"https:\/\/www.diepartner.at\/cms\/de\/wp-json\/wp\/v2\/comments?post=1"}],"version-history":[{"count":14,"href":"https:\/\/www.diepartner.at\/cms\/de\/wp-json\/wp\/v2\/posts\/1\/revisions"}],"predecessor-version":[{"id":379,"href":"https:\/\/www.diepartner.at\/cms\/de\/wp-json\/wp\/v2\/posts\/1\/revisions\/379"}],"wp:attachment":[{"href":"https:\/\/www.diepartner.at\/cms\/de\/wp-json\/wp\/v2\/media?parent=1"}],"wp:term":[{"taxonomy":"category","embeddable":true,"href":"https:\/\/www.diepartner.at\/cms\/de\/wp-json\/wp\/v2\/categories?post=1"},{"taxonomy":"post_tag","embeddable":true,"href":"https:\/\/www.diepartner.at\/cms\/de\/wp-json\/wp\/v2\/tags?post=1"}],"curies":[{"name":"wp","href":"https:\/\/api.w.org\/{rel}","templated":true}]}}